{"id":1455,"date":"2021-03-15T15:33:56","date_gmt":"2021-03-15T13:33:56","guid":{"rendered":"http:\/\/wp13621818.server-he.de\/?p=1455"},"modified":"2021-09-08T10:18:33","modified_gmt":"2021-09-08T08:18:33","slug":"zygmunt-bauman","status":"publish","type":"post","link":"https:\/\/europaeischeverlagsanstalt.de\/?p=1455","title":{"rendered":"Zygmunt Bauman"},"content":{"rendered":"\n<p>Zygmunt Bauman, geboren 1925 in Posen, verstorben 2017 in Leeds, England. Professor f\u00fcr Soziologie an den Universit\u00e4ten Warschau (bis 1968), Tel Aviv (bis 1971) und Leeds (bis 1999). Ver\u00f6ffentlichungen u.a.: &#8220;Legislators and Interpreters&#8221; (1987), &#8220;Freedom&#8221; (1988), &#8220;Thinking Sociologically&#8221; (1990), &#8220;Modernity and Ambivalence&#8221; (1990; dt. 1992 &#8220;Modernit\u00e4t und Ambivalenz&#8221;); &#8220;Leben in der fl\u00fcchtigen Moderne&#8221; (2007), &#8220;Wir Lebensk\u00fcnstler&#8221; (2010), &#8220;Die Angst vor den anderen&#8221; (2016). 1989 wurde Zygmunt Bauman mit dem angesehenen Amalfi-Preis f\u00fcr Soziologie und sozialwissenschaftliche Forschungen ausgezeichnet und 1998 mit dem Theodor-W.-Adorno-Preis. 2010 wurde er mit dem Prinz-von-Asturien-Preis in der Kategorie Kommunikation und Humanwissenschaften geehrt. <\/p>\n","protected":false},"excerpt":{"rendered":"<p>Zygmunt Bauman, geboren 1925 in Posen, verstorben 2017 in Leeds, England. Professor f\u00fcr Soziologie an den Universit\u00e4ten Warschau (bis 1968), Tel Aviv (bis 1971) und Leeds (bis 1999). Ver\u00f6ffentlichungen u.a.: &#8220;Legislators and Interpreters&#8221; (1987), &#8220;Freedom&#8221; (1988), &#8220;Thinking Sociologically&#8221; (1990), &#8220;Modernity and Ambivalence&#8221; (1990; dt. 1992 &#8220;Modernit\u00e4t und Ambivalenz&#8221;); &#8220;Leben in der fl\u00fcchtigen Moderne&#8221; (2007), &#8220;Wir&#8230;<\/p>\n","protected":false},"author":1,"featured_media":1456,"comment_status":"open","ping_status":"closed","sticky":false,"template":"","format":"standard","meta":[],"categories":[21,27],"tags":[110],"_links":{"self":[{"href":"https:\/\/europaeischeverlagsanstalt.de\/index.php?rest_route=\/wp\/v2\/posts\/1455"}],"collection":[{"href":"https:\/\/europaeischeverlagsanstalt.de\/index.php?rest_route=\/wp\/v2\/posts"}],"about":[{"href":"https:\/\/europaeischeverlagsanstalt.de\/index.php?rest_route=\/wp\/v2\/types\/post"}],"author":[{"embeddable":true,"href":"https:\/\/europaeischeverlagsanstalt.de\/index.php?rest_route=\/wp\/v2\/users\/1"}],"replies":[{"embeddable":true,"href":"https:\/\/europaeischeverlagsanstalt.de\/index.php?rest_route=%2Fwp%2Fv2%2Fcomments&post=1455"}],"version-history":[{"count":13,"href":"https:\/\/europaeischeverlagsanstalt.de\/index.php?rest_route=\/wp\/v2\/posts\/1455\/revisions"}],"predecessor-version":[{"id":2870,"href":"https:\/\/europaeischeverlagsanstalt.de\/index.php?rest_route=\/wp\/v2\/posts\/1455\/revisions\/2870"}],"wp:featuredmedia":[{"embeddable":true,"href":"https:\/\/europaeischeverlagsanstalt.de\/index.php?rest_route=\/wp\/v2\/media\/1456"}],"wp:attachment":[{"href":"https:\/\/europaeischeverlagsanstalt.de\/index.php?rest_route=%2Fwp%2Fv2%2Fmedia&parent=1455"}],"wp:term":[{"taxonomy":"category","embeddable":true,"href":"https:\/\/europaeischeverlagsanstalt.de\/index.php?rest_route=%2Fwp%2Fv2%2Fcategories&post=1455"},{"taxonomy":"post_tag","embeddable":true,"href":"https:\/\/europaeischeverlagsanstalt.de\/index.php?rest_route=%2Fwp%2Fv2%2Ftags&post=1455"}],"curies":[{"name":"wp","href":"https:\/\/api.w.org\/{rel}","templated":true}]}}