{"id":1443,"date":"2021-03-15T15:27:53","date_gmt":"2021-03-15T13:27:53","guid":{"rendered":"http:\/\/wp13621818.server-he.de\/?p=1443"},"modified":"2021-11-19T13:11:52","modified_gmt":"2021-11-19T11:11:52","slug":"eliette-abecassis","status":"publish","type":"post","link":"https:\/\/europaeischeverlagsanstalt.de\/?p=1443","title":{"rendered":"\u00c9liette Ab\u00e9cassis"},"content":{"rendered":"\n<p>Die 1969 in Stra\u00dfburg geborene \u00c9liette Ab\u00e9cassis entstammt einer sephardischen Familie mit marokkanischem Ursprung. Sie besuchte die Elitehochschule \u00c9cole normale sup\u00e9rieure und studierte Philosophie. Sie unterrichtet in Caen.<\/p>\n","protected":false},"excerpt":{"rendered":"<p>Die 1969 in Stra\u00dfburg geborene \u00c9liette Ab\u00e9cassis entstammt einer sephardischen Familie mit marokkanischem Ursprung. Sie besuchte die Elitehochschule \u00c9cole normale sup\u00e9rieure und studierte Philosophie. Sie unterrichtet in Caen.<\/p>\n","protected":false},"author":1,"featured_media":1444,"comment_status":"open","ping_status":"closed","sticky":false,"template":"","format":"standard","meta":[],"categories":[23,21],"tags":[105],"_links":{"self":[{"href":"https:\/\/europaeischeverlagsanstalt.de\/index.php?rest_route=\/wp\/v2\/posts\/1443"}],"collection":[{"href":"https:\/\/europaeischeverlagsanstalt.de\/index.php?rest_route=\/wp\/v2\/posts"}],"about":[{"href":"https:\/\/europaeischeverlagsanstalt.de\/index.php?rest_route=\/wp\/v2\/types\/post"}],"author":[{"embeddable":true,"href":"https:\/\/europaeischeverlagsanstalt.de\/index.php?rest_route=\/wp\/v2\/users\/1"}],"replies":[{"embeddable":true,"href":"https:\/\/europaeischeverlagsanstalt.de\/index.php?rest_route=%2Fwp%2Fv2%2Fcomments&post=1443"}],"version-history":[{"count":12,"href":"https:\/\/europaeischeverlagsanstalt.de\/index.php?rest_route=\/wp\/v2\/posts\/1443\/revisions"}],"predecessor-version":[{"id":3187,"href":"https:\/\/europaeischeverlagsanstalt.de\/index.php?rest_route=\/wp\/v2\/posts\/1443\/revisions\/3187"}],"wp:featuredmedia":[{"embeddable":true,"href":"https:\/\/europaeischeverlagsanstalt.de\/index.php?rest_route=\/wp\/v2\/media\/1444"}],"wp:attachment":[{"href":"https:\/\/europaeischeverlagsanstalt.de\/index.php?rest_route=%2Fwp%2Fv2%2Fmedia&parent=1443"}],"wp:term":[{"taxonomy":"category","embeddable":true,"href":"https:\/\/europaeischeverlagsanstalt.de\/index.php?rest_route=%2Fwp%2Fv2%2Fcategories&post=1443"},{"taxonomy":"post_tag","embeddable":true,"href":"https:\/\/europaeischeverlagsanstalt.de\/index.php?rest_route=%2Fwp%2Fv2%2Ftags&post=1443"}],"curies":[{"name":"wp","href":"https:\/\/api.w.org\/{rel}","templated":true}]}}