{"id":1436,"date":"2021-03-15T14:10:39","date_gmt":"2021-03-15T12:10:39","guid":{"rendered":"http:\/\/wp13621818.server-he.de\/?p=1436"},"modified":"2021-03-15T21:31:37","modified_gmt":"2021-03-15T19:31:37","slug":"richard-faber","status":"publish","type":"post","link":"https:\/\/europaeischeverlagsanstalt.de\/?p=1436","title":{"rendered":"Richard Faber"},"content":{"rendered":"\n<p>Richard Faber, geboren 1943, wurde mit \u00bbZur Kritik der Politischen Theologie\u00ab in Philosophie promoviert und habilitierte sich in Soziologie \u00fcber den \u00bbMythos des Abendlandes\u00ab. Er publizierte mehrere B\u00fccher und gab zahlreiche Sammelb\u00e4nde heraus, u. a. \u00bb\u203aWir sind Eines\u2039. \u00dcber politisch-religi\u00f6se Ganzheitsvorstellungen europ\u00e4ischer Faschismen\u00ab, 2005; \u00bbPolitische D\u00e4monologie. \u00dcber modernen Marcionismus\u00ab, 2007; \u00bbDeutschbewusstes Judentum und j\u00fcdischbewusstes Deutschtum. Der Historische und Politische Theologe Hans-Joachim Schoeps\u00ab, 2011; \u00bbKonservatismus in Geschichte und Gegenwart,\u00ab 1991; \u00bbPolitische Religion \u2013 religi\u00f6se Politik\u00ab, 1997; \u00bbAbendl\u00e4ndische Eschatologie. Ad Jacob Taubes\u00ab, 2001; \u00bbImperalismus in Geschichte und Gegenwart\u00ab, 2005 (alle im Verlag K\u00f6nigshausen &amp; Neumann, W\u00fcrzburg).<\/p>\n","protected":false},"excerpt":{"rendered":"<p>Richard Faber, geboren 1943, wurde mit \u00bbZur Kritik der Politischen Theologie\u00ab in Philosophie promoviert und habilitierte sich in Soziologie \u00fcber den \u00bbMythos des Abendlandes\u00ab. Er publizierte mehrere B\u00fccher und gab zahlreiche Sammelb\u00e4nde heraus, u. a. \u00bb\u203aWir sind Eines\u2039. \u00dcber politisch-religi\u00f6se Ganzheitsvorstellungen europ\u00e4ischer Faschismen\u00ab, 2005; \u00bbPolitische D\u00e4monologie. \u00dcber modernen Marcionismus\u00ab, 2007; \u00bbDeutschbewusstes Judentum und j\u00fcdischbewusstes Deutschtum&#8230;.<\/p>\n","protected":false},"author":1,"featured_media":1429,"comment_status":"open","ping_status":"closed","sticky":false,"template":"","format":"standard","meta":[],"categories":[21],"tags":[32],"_links":{"self":[{"href":"https:\/\/europaeischeverlagsanstalt.de\/index.php?rest_route=\/wp\/v2\/posts\/1436"}],"collection":[{"href":"https:\/\/europaeischeverlagsanstalt.de\/index.php?rest_route=\/wp\/v2\/posts"}],"about":[{"href":"https:\/\/europaeischeverlagsanstalt.de\/index.php?rest_route=\/wp\/v2\/types\/post"}],"author":[{"embeddable":true,"href":"https:\/\/europaeischeverlagsanstalt.de\/index.php?rest_route=\/wp\/v2\/users\/1"}],"replies":[{"embeddable":true,"href":"https:\/\/europaeischeverlagsanstalt.de\/index.php?rest_route=%2Fwp%2Fv2%2Fcomments&post=1436"}],"version-history":[{"count":4,"href":"https:\/\/europaeischeverlagsanstalt.de\/index.php?rest_route=\/wp\/v2\/posts\/1436\/revisions"}],"predecessor-version":[{"id":1675,"href":"https:\/\/europaeischeverlagsanstalt.de\/index.php?rest_route=\/wp\/v2\/posts\/1436\/revisions\/1675"}],"wp:featuredmedia":[{"embeddable":true,"href":"https:\/\/europaeischeverlagsanstalt.de\/index.php?rest_route=\/wp\/v2\/media\/1429"}],"wp:attachment":[{"href":"https:\/\/europaeischeverlagsanstalt.de\/index.php?rest_route=%2Fwp%2Fv2%2Fmedia&parent=1436"}],"wp:term":[{"taxonomy":"category","embeddable":true,"href":"https:\/\/europaeischeverlagsanstalt.de\/index.php?rest_route=%2Fwp%2Fv2%2Fcategories&post=1436"},{"taxonomy":"post_tag","embeddable":true,"href":"https:\/\/europaeischeverlagsanstalt.de\/index.php?rest_route=%2Fwp%2Fv2%2Ftags&post=1436"}],"curies":[{"name":"wp","href":"https:\/\/api.w.org\/{rel}","templated":true}]}}